{"id":4344,"date":"2019-04-26T15:48:24","date_gmt":"2019-04-26T15:48:24","guid":{"rendered":"https:\/\/www.chateau-cantenac.fr\/2019\/04\/26\/salon-des-vins-et-du-terroir-rotary-ambert-27-28-avril\/"},"modified":"2019-04-26T15:48:24","modified_gmt":"2019-04-26T15:48:24","slug":"salon-des-vins-et-du-terroir-rotary-ambert-27-28-avril","status":"publish","type":"post","link":"https:\/\/www.chateau-cantenac.fr\/en\/2019\/04\/26\/salon-des-vins-et-du-terroir-rotary-ambert-27-28-avril\/","title":{"rendered":"Salon des Vins et du Terroir (Rotary Ambert) 27-28 AVRIL"},"content":{"rendered":"<p><strong>Ce week-end, le Ch\u00e2teau Cantenac se rend au Salon des Vins et du Terroir organis\u00e9 par le Rotary d&#8217;Ambert ce 27-28 avril (10-19h).<\/strong><\/p>\n<p><span style=\"text-decoration: underline;\">Vous pourrez y d\u00e9couvrir<\/span> :\u00a0<\/p>\n<ul>\n<li>Ch. Cantenac 2016\u00a0<\/li>\n<li>Ch. Cantenac &#8220;S\u00e9lection Madame 2016&#8221;<\/li>\n<li>Ch. Moulin de Grenet 2015<\/li>\n<\/ul>\n<p>Au plaisir de vous y retrouver !<\/p>\n<p>La famille Roskam-Brunot<\/p>\n<p>&nbsp;<\/p>\n<p><span style=\"text-decoration: underline;\"><strong>Le Salon :<\/strong><\/span>\u00a0<\/p>\n<p>Le Rotary Club donne rendez-vous \u00e0 tous les amoureux de gastronomie, \u00e0 l\u2019occasion de son 10<sup>e<\/sup>Salon des vins et produits du terroir. Les exposants s\u2019installent durant 2 jours,<strong>\u00a0samedi 27 et dimanche 28 avril,<\/strong>\u00a0\u00e0 la salle polyvalente La Scierie\u00a0<em>(rue de l\u2019Industrie \u00e0 Ambert).<\/em><\/p>\n<p>L\u2019entr\u00e9e est gratuite mais vous pourrez acheter un verre qui vous permettra de mieux faire votre parcours de d\u00e9gustateur. Le b\u00e9n\u00e9fice de cette manifestation, maintenant traditionnelle,\u00a0est d\u00e9di\u00e9 en totalit\u00e9 au financement des actions du Rotary club.<\/p>\n<p>\nCette ann\u00e9e, la participation des visiteurs contribuera \u00e0 recueillir des fonds au profit de l\u2019aide \u00e0 la formation de jeunes handicap\u00e9s et \u00e0 l\u2019insertion de personnes en situation de pr\u00e9carit\u00e9 de notre arrondissement.<\/p>\n<div class=\"\"><b class=\"\"><span class=\"\"><a class=\"lightbox-added alignright\" href=\"http:\/\/www.ville-ambert.fr\/wp-content\/uploads\/2019\/04\/image001.jpeg\"><img decoding=\"async\" class=\"lazyload wp-image-15092 size-medium alignright\" src=\"http:\/\/www.ville-ambert.fr\/wp-content\/uploads\/2019\/04\/image001-212x300.jpeg\" data-orig-src=\"http:\/\/www.ville-ambert.fr\/wp-content\/uploads\/2019\/04\/image001-212x300.jpeg\" data-sizes=\"auto\" data-orig-sizes=\"(max-width: 212px) 100vw, 212px\" srcset=\"data:image\/svg+xml,%3Csvg%20xmlns%3D%27http%3A%2F%2Fwww.w3.org%2F2000%2Fsvg%27%20width%3D%27212%27%20height%3D%27300%27%20viewBox%3D%270%200%20212%20300%27%3E%3Crect%20width%3D%27212%27%20height%3D%27300%27%20fill-opacity%3D%220%22%2F%3E%3C%2Fsvg%3E\" data-srcset=\"http:\/\/www.ville-ambert.fr\/wp-content\/uploads\/2019\/04\/image001-212x300.jpeg 212w, http:\/\/www.ville-ambert.fr\/wp-content\/uploads\/2019\/04\/image001-768x1086.jpeg 768w, http:\/\/www.ville-ambert.fr\/wp-content\/uploads\/2019\/04\/image001-728x1030.jpeg 728w, http:\/\/www.ville-ambert.fr\/wp-content\/uploads\/2019\/04\/image001.jpeg 905w\" alt=\"\" width=\"212\" height=\"300\" \/><\/a><\/span><\/b><span class=\"\"><strong>Plus de 40 exposants seront pr\u00e9sents<\/strong>\u00a0pour vous transmettre leur passion et vous permettre d\u2019effectuer un tour de France des vignobles\u00a0<\/span><span class=\"\">:\u00a0Alsace, Auvergne, Beaujolais, Bourgogne, Bordelais, Champagne, Jura, Languedoc-Roussillon, Provence, Sud-Ouest, Vall\u00e9e de la Loire, Vall\u00e9e du Rh\u00f4ne\u2026\u00a0 \u00a0 \u00a0 \u00a0 \u00a0 \u00a0 \u00a0 \u00a0 \u00a0 \u00a0 \u00a0 \u00a0 \u00a0 \u00a0 \u00a0<\/span><\/div>\n<div class=\"\"><span class=\"\"><strong>Un voyage dans l\u2019univers de la gastronomie :<\/strong>\u00a0escargots, charcuterie, fromages des terroirs fran\u00e7ais, fourme fermi\u00e8re, huile d\u2019olive,\u00a0 foie gras, miel, coulis de fruit, fromages de ch\u00e8vre, chocolat, ch\u00e2taignes\u2026<\/span><\/div>\n","protected":false},"excerpt":{"rendered":"<p>Ce week-end, le Ch\u00e2teau Cantenac se rend au Salon des Vins et du Terroir organis\u00e9 par le Rotary d&#8217;Ambert ce 27-28 avril (10-19h). Vous pourrez [&hellip;]<\/p>\n","protected":false},"author":2,"featured_media":0,"comment_status":"closed","ping_status":"open","sticky":false,"template":"","format":"standard","meta":[],"categories":[17],"tags":[],"aioseo_notices":[],"_links":{"self":[{"href":"https:\/\/www.chateau-cantenac.fr\/en\/wp-json\/wp\/v2\/posts\/4344"}],"collection":[{"href":"https:\/\/www.chateau-cantenac.fr\/en\/wp-json\/wp\/v2\/posts"}],"about":[{"href":"https:\/\/www.chateau-cantenac.fr\/en\/wp-json\/wp\/v2\/types\/post"}],"author":[{"embeddable":true,"href":"https:\/\/www.chateau-cantenac.fr\/en\/wp-json\/wp\/v2\/users\/2"}],"replies":[{"embeddable":true,"href":"https:\/\/www.chateau-cantenac.fr\/en\/wp-json\/wp\/v2\/comments?post=4344"}],"version-history":[{"count":0,"href":"https:\/\/www.chateau-cantenac.fr\/en\/wp-json\/wp\/v2\/posts\/4344\/revisions"}],"wp:attachment":[{"href":"https:\/\/www.chateau-cantenac.fr\/en\/wp-json\/wp\/v2\/media?parent=4344"}],"wp:term":[{"taxonomy":"category","embeddable":true,"href":"https:\/\/www.chateau-cantenac.fr\/en\/wp-json\/wp\/v2\/categories?post=4344"},{"taxonomy":"post_tag","embeddable":true,"href":"https:\/\/www.chateau-cantenac.fr\/en\/wp-json\/wp\/v2\/tags?post=4344"}],"curies":[{"name":"wp","href":"https:\/\/api.w.org\/{rel}","templated":true}]}}