{"id":4360,"date":"2018-03-30T09:21:13","date_gmt":"2018-03-30T09:21:13","guid":{"rendered":"https:\/\/www.chateau-cantenac.fr\/2018\/03\/30\/primeur-millesime-2017-chateau-cantenac-2017-st-emilion-grand-cru\/"},"modified":"2018-03-30T09:21:13","modified_gmt":"2018-03-30T09:21:13","slug":"primeur-millesime-2017-chateau-cantenac-2017-st-emilion-grand-cru","status":"publish","type":"post","link":"https:\/\/www.chateau-cantenac.fr\/en\/2018\/03\/30\/primeur-millesime-2017-chateau-cantenac-2017-st-emilion-grand-cru\/","title":{"rendered":"PRIMEUR MILLESIME 2017 : CHATEAU CANTENAC 2017 ST EMILION GRAND CRU"},"content":{"rendered":"<div class=\"js-tweet-text-container\">\n<p class=\"TweetTextSize  js-tweet-text tweet-text\" lang=\"fr\" data-aria-label-part=\"0\"><strong>D\u00e9gustation Primeur du &#8220;Ch\u00e2teau Cantenac 2017 Saint Emilion Grand Cru&#8221; <\/strong><\/p>\n<p class=\"TweetTextSize  js-tweet-text tweet-text\" lang=\"fr\" data-aria-label-part=\"0\"><strong>Dates :<\/strong>\u00a09 au 12 avril 2018 de 9h00 \u00e0 17h30<\/p>\n<p class=\"TweetTextSize  js-tweet-text tweet-text\" lang=\"fr\" data-aria-label-part=\"0\"><strong>Lieux :<\/strong>\u00a0Salle des Dominicains de Saint-Emilion &#8211; ou &#8211;\u00a0au domaine sur RDV \u00e0 contact@chateau-cantenac.fr \/ 05.57.51.35.22<\/p>\n<p class=\"TweetTextSize  js-tweet-text tweet-text\" lang=\"fr\" data-aria-label-part=\"0\">Ces d\u00e9gustations sont r\u00e9serv\u00e9es aux professionnels.<\/p>\n<p class=\"TweetTextSize  js-tweet-text tweet-text\" lang=\"fr\" data-aria-label-part=\"0\">NB : pour les particuliers, nous proposerons le primeur d\u00e8s la publication de notre nouvelle brochure tarifaire dans le courant du mois d&#8217;avril.<\/p>\n<p class=\"TweetTextSize  js-tweet-text tweet-text\" lang=\"fr\" data-aria-label-part=\"0\">\n<\/div>\n<div class=\"AdaptiveMediaOuterContainer\"><\/div>\n","protected":false},"excerpt":{"rendered":"<p>D\u00e9gustation Primeur du &#8220;Ch\u00e2teau Cantenac 2017 Saint Emilion Grand Cru&#8221; Dates :\u00a09 au 12 avril 2018 de 9h00 \u00e0 17h30 Lieux :\u00a0Salle des Dominicains de [&hellip;]<\/p>\n","protected":false},"author":2,"featured_media":0,"comment_status":"closed","ping_status":"open","sticky":false,"template":"","format":"standard","meta":[],"categories":[17],"tags":[],"aioseo_notices":[],"_links":{"self":[{"href":"https:\/\/www.chateau-cantenac.fr\/en\/wp-json\/wp\/v2\/posts\/4360"}],"collection":[{"href":"https:\/\/www.chateau-cantenac.fr\/en\/wp-json\/wp\/v2\/posts"}],"about":[{"href":"https:\/\/www.chateau-cantenac.fr\/en\/wp-json\/wp\/v2\/types\/post"}],"author":[{"embeddable":true,"href":"https:\/\/www.chateau-cantenac.fr\/en\/wp-json\/wp\/v2\/users\/2"}],"replies":[{"embeddable":true,"href":"https:\/\/www.chateau-cantenac.fr\/en\/wp-json\/wp\/v2\/comments?post=4360"}],"version-history":[{"count":0,"href":"https:\/\/www.chateau-cantenac.fr\/en\/wp-json\/wp\/v2\/posts\/4360\/revisions"}],"wp:attachment":[{"href":"https:\/\/www.chateau-cantenac.fr\/en\/wp-json\/wp\/v2\/media?parent=4360"}],"wp:term":[{"taxonomy":"category","embeddable":true,"href":"https:\/\/www.chateau-cantenac.fr\/en\/wp-json\/wp\/v2\/categories?post=4360"},{"taxonomy":"post_tag","embeddable":true,"href":"https:\/\/www.chateau-cantenac.fr\/en\/wp-json\/wp\/v2\/tags?post=4360"}],"curies":[{"name":"wp","href":"https:\/\/api.w.org\/{rel}","templated":true}]}}