{"id":4366,"date":"2017-10-09T17:00:43","date_gmt":"2017-10-09T17:00:43","guid":{"rendered":"https:\/\/www.chateau-cantenac.fr\/2017\/10\/09\/action-des-chefs-solidaire-au-profit-du-sidaction-du-4-octobre\/"},"modified":"2017-10-09T17:00:43","modified_gmt":"2017-10-09T17:00:43","slug":"action-des-chefs-solidaire-au-profit-du-sidaction-du-4-octobre","status":"publish","type":"post","link":"https:\/\/www.chateau-cantenac.fr\/en\/2017\/10\/09\/action-des-chefs-solidaire-au-profit-du-sidaction-du-4-octobre\/","title":{"rendered":"Action des &#8220;Chefs Solidaire&#8221; au Profit du Sidaction du 4 Octobre"},"content":{"rendered":"<p>Ch. Cantenac est heureux d\u2019avoir pu contribuer \u00e0 l&#8217;action des Chefs Solidaires au profit du Sidaction, lors du d\u00eener de Gala du 4 octobre \u00e0 l&#8217;Ecole Ferrandi.<\/p>\n<p>Merci au Guide Dis Vins Edition\u00a0d&#8217;avoir permis de nous associer \u00e0 cet \u00e9v\u00e8nement, pendant lequel Ch\u00e2teau Cantenac accompagnait ce magnifique P<span class=\"fontstyle0\">igeonneau r\u00f4ti, C\u00e8pes, Girolles &amp; Verveine* <span style=\"color: #808080;\"><em>(<\/em><\/span><\/span><span style=\"color: #808080;\"><em><span class=\"fontstyle0\">Menu Signature accord mets et vins par Christian T\u00eatedoie, Meilleur Ouvrier de France 1996, Pr\u00e9sident des Ma\u00eetres Cuisiniers de France, Restaurant <\/span><span class=\"fontstyle2\">T\u00eatedoie, <\/span><span class=\"fontstyle2\">une \u00e9toile au Guide Michelin\u00a0<\/span><span class=\"fontstyle2\">et par les enseignants formateurs de FERRANDI Paris).<\/span><\/em><\/span><\/p>\n<p><span style=\"text-decoration: underline;\"><strong>Pour faire un don, suivez ce lien<\/strong><\/span><strong> :\u00a0<\/strong><a href=\"https:\/\/don.sidaction.org\/?gl_campagne=RWEBGAG&amp;gclid=Cj0KCQjwvOzOBRDGARIsAICjxoffmJXTKcE3H5fws0N9gtBTwuM5g3wm7TsAKBnFDKcJZeNHG91_GPwaAgpeEALw_wcB\">https:\/\/don.sidaction.org\/?gl_campagne=RWEBGAG&amp;gclid=Cj0KCQjwvOzOBRDGARIsAICjxoffmJXTKcE3H5fws0N9gtBTwuM5g3wm7TsAKBnFDKcJZeNHG91_GPwaAgpeEALw_wcB<\/a><\/p>\n<p><a href=\"http:\/\/www.chateau-cantenac.fr\/2017\/10\/09\/action-des-chefs-solidaire-au-profit-du-sidaction-du-4-octobre\/affiche_chefs-solidaires-2017\/\" rel=\"attachment wp-att-2299\"><img decoding=\"async\" class=\"lazyload alignleft size-full wp-image-2299\" src=\"http:\/\/www.chateau-cantenac.fr\/wp-content\/uploads\/2017\/10\/Affiche_chefs-Solidaires-2017.jpg\" data-orig-src=\"http:\/\/www.chateau-cantenac.fr\/wp-content\/uploads\/2017\/10\/Affiche_chefs-Solidaires-2017.jpg\" alt=\"Affiche_chefs Solidaires 2017\" width=\"1134\" height=\"1701\" srcset=\"data:image\/svg+xml,%3Csvg%20xmlns%3D%27http%3A%2F%2Fwww.w3.org%2F2000%2Fsvg%27%20width%3D%271134%27%20height%3D%271701%27%20viewBox%3D%270%200%201134%201701%27%3E%3Crect%20width%3D%271134%27%20height%3D%271701%27%20fill-opacity%3D%220%22%2F%3E%3C%2Fsvg%3E\" data-srcset=\"https:\/\/www.chateau-cantenac.fr\/wp-content\/uploads\/2017\/10\/Affiche_chefs-Solidaires-2017-200x300.jpg 200w, https:\/\/www.chateau-cantenac.fr\/wp-content\/uploads\/2017\/10\/Affiche_chefs-Solidaires-2017-683x1024.jpg 683w, https:\/\/www.chateau-cantenac.fr\/wp-content\/uploads\/2017\/10\/Affiche_chefs-Solidaires-2017-768x1152.jpg 768w, https:\/\/www.chateau-cantenac.fr\/wp-content\/uploads\/2017\/10\/Affiche_chefs-Solidaires-2017.jpg 1134w\" data-sizes=\"auto\" data-orig-sizes=\"(max-width: 1134px) 100vw, 1134px\" \/><\/a><\/p>\n<div id=\"attachment_2300\" style=\"width: 5003px\" class=\"wp-caption alignleft\"><a href=\"http:\/\/www.chateau-cantenac.fr\/2017\/10\/09\/action-des-chefs-solidaire-au-profit-du-sidaction-du-4-octobre\/reportage-dans-le-cadre-de-l-operation-chefs-solidaires-organise-par-le-sidaction\/\" rel=\"attachment wp-att-2300\"><img aria-describedby=\"caption-attachment-2300\" decoding=\"async\" class=\"lazyload size-full wp-image-2300\" src=\"http:\/\/www.chateau-cantenac.fr\/wp-content\/uploads\/2017\/10\/IP3VISO171004174.jpg\" data-orig-src=\"http:\/\/www.chateau-cantenac.fr\/wp-content\/uploads\/2017\/10\/IP3VISO171004174.jpg\" alt=\"\u00a9Vincent Isore\/Sidaction ; Paris, France le 4 Octobre, 2017 - Reportage dans le cadre de l operation &quot;Chefs Solidaires&quot; organise par le Sidaction\" width=\"4993\" height=\"3329\" srcset=\"data:image\/svg+xml,%3Csvg%20xmlns%3D%27http%3A%2F%2Fwww.w3.org%2F2000%2Fsvg%27%20width%3D%274993%27%20height%3D%273329%27%20viewBox%3D%270%200%204993%203329%27%3E%3Crect%20width%3D%274993%27%20height%3D%273329%27%20fill-opacity%3D%220%22%2F%3E%3C%2Fsvg%3E\" data-srcset=\"https:\/\/www.chateau-cantenac.fr\/wp-content\/uploads\/2017\/10\/IP3VISO171004174-300x200.jpg 300w, https:\/\/www.chateau-cantenac.fr\/wp-content\/uploads\/2017\/10\/IP3VISO171004174-768x512.jpg 768w, https:\/\/www.chateau-cantenac.fr\/wp-content\/uploads\/2017\/10\/IP3VISO171004174-1024x683.jpg 1024w, https:\/\/www.chateau-cantenac.fr\/wp-content\/uploads\/2017\/10\/IP3VISO171004174.jpg 4993w\" data-sizes=\"auto\" data-orig-sizes=\"(max-width: 4993px) 100vw, 4993px\" \/><\/a><p id=\"caption-attachment-2300\" class=\"wp-caption-text\">\u00a9Vincent Isore\/Sidaction ; Paris, France le 4 Octobre, 2017 &#8211; Reportage dans le cadre de l operation &#8220;Chefs Solidaires&#8221; organise par le Sidaction<\/p><\/div>\n<div id=\"attachment_2301\" style=\"width: 4928px\" class=\"wp-caption alignleft\"><a href=\"http:\/\/www.chateau-cantenac.fr\/2017\/10\/09\/action-des-chefs-solidaire-au-profit-du-sidaction-du-4-octobre\/reportage-dans-le-cadre-de-l-operation-chefs-solidaires-organise-par-le-sidaction-2\/\" rel=\"attachment wp-att-2301\"><img aria-describedby=\"caption-attachment-2301\" decoding=\"async\" class=\"lazyload size-full wp-image-2301\" src=\"http:\/\/www.chateau-cantenac.fr\/wp-content\/uploads\/2017\/10\/IP3VISO17100469.jpg\" data-orig-src=\"http:\/\/www.chateau-cantenac.fr\/wp-content\/uploads\/2017\/10\/IP3VISO17100469.jpg\" alt=\"\u00a9Vincent Isore\/Sidaction ; Paris, France le 4 Octobre, 2017 - Reportage dans le cadre de l operation &quot;Chefs Solidaires&quot; organise par le Sidaction\" width=\"4918\" height=\"3279\" srcset=\"data:image\/svg+xml,%3Csvg%20xmlns%3D%27http%3A%2F%2Fwww.w3.org%2F2000%2Fsvg%27%20width%3D%274918%27%20height%3D%273279%27%20viewBox%3D%270%200%204918%203279%27%3E%3Crect%20width%3D%274918%27%20height%3D%273279%27%20fill-opacity%3D%220%22%2F%3E%3C%2Fsvg%3E\" data-srcset=\"https:\/\/www.chateau-cantenac.fr\/wp-content\/uploads\/2017\/10\/IP3VISO17100469-300x200.jpg 300w, https:\/\/www.chateau-cantenac.fr\/wp-content\/uploads\/2017\/10\/IP3VISO17100469-768x512.jpg 768w, https:\/\/www.chateau-cantenac.fr\/wp-content\/uploads\/2017\/10\/IP3VISO17100469-1024x683.jpg 1024w, https:\/\/www.chateau-cantenac.fr\/wp-content\/uploads\/2017\/10\/IP3VISO17100469.jpg 4918w\" data-sizes=\"auto\" data-orig-sizes=\"(max-width: 4918px) 100vw, 4918px\" \/><\/a><p id=\"caption-attachment-2301\" class=\"wp-caption-text\">\u00a9Vincent Isore\/Sidaction ; Paris, France le 4 Octobre, 2017 &#8211; Reportage dans le cadre de l operation &#8220;Chefs Solidaires&#8221; organise par le Sidaction<\/p><\/div>\n<div id=\"attachment_2302\" style=\"width: 4583px\" class=\"wp-caption alignleft\"><a href=\"http:\/\/www.chateau-cantenac.fr\/2017\/10\/09\/action-des-chefs-solidaire-au-profit-du-sidaction-du-4-octobre\/reportage-dans-le-cadre-de-l-operation-chefs-solidaires-organise-par-le-sidaction-3\/\" rel=\"attachment wp-att-2302\"><img aria-describedby=\"caption-attachment-2302\" decoding=\"async\" class=\"lazyload size-full wp-image-2302\" src=\"http:\/\/www.chateau-cantenac.fr\/wp-content\/uploads\/2017\/10\/IP3VISO171004141.jpg\" data-orig-src=\"http:\/\/www.chateau-cantenac.fr\/wp-content\/uploads\/2017\/10\/IP3VISO171004141.jpg\" alt=\"\u00a9Vincent Isore\/Sidaction ; Paris, France le 4 Octobre, 2017 - Reportage dans le cadre de l operation &quot;Chefs Solidaires&quot; organise par le Sidaction\" width=\"4573\" height=\"3049\" srcset=\"data:image\/svg+xml,%3Csvg%20xmlns%3D%27http%3A%2F%2Fwww.w3.org%2F2000%2Fsvg%27%20width%3D%274573%27%20height%3D%273049%27%20viewBox%3D%270%200%204573%203049%27%3E%3Crect%20width%3D%274573%27%20height%3D%273049%27%20fill-opacity%3D%220%22%2F%3E%3C%2Fsvg%3E\" data-srcset=\"https:\/\/www.chateau-cantenac.fr\/wp-content\/uploads\/2017\/10\/IP3VISO171004141-300x200.jpg 300w, https:\/\/www.chateau-cantenac.fr\/wp-content\/uploads\/2017\/10\/IP3VISO171004141-768x512.jpg 768w, https:\/\/www.chateau-cantenac.fr\/wp-content\/uploads\/2017\/10\/IP3VISO171004141-1024x683.jpg 1024w, https:\/\/www.chateau-cantenac.fr\/wp-content\/uploads\/2017\/10\/IP3VISO171004141.jpg 4573w\" data-sizes=\"auto\" data-orig-sizes=\"(max-width: 4573px) 100vw, 4573px\" \/><\/a><p id=\"caption-attachment-2302\" class=\"wp-caption-text\">\u00a9Vincent Isore\/Sidaction ; Paris, France le 4 Octobre, 2017 &#8211; Reportage dans le cadre de l operation &#8220;Chefs Solidaires&#8221; organise par le Sidaction<\/p><\/div>\n","protected":false},"excerpt":{"rendered":"<p>Ch. Cantenac est heureux d\u2019avoir pu contribuer \u00e0 l&#8217;action des Chefs Solidaires au profit du Sidaction, lors du d\u00eener de Gala du 4 octobre \u00e0 [&hellip;]<\/p>\n","protected":false},"author":2,"featured_media":0,"comment_status":"closed","ping_status":"open","sticky":false,"template":"","format":"standard","meta":[],"categories":[17],"tags":[],"aioseo_notices":[],"_links":{"self":[{"href":"https:\/\/www.chateau-cantenac.fr\/en\/wp-json\/wp\/v2\/posts\/4366"}],"collection":[{"href":"https:\/\/www.chateau-cantenac.fr\/en\/wp-json\/wp\/v2\/posts"}],"about":[{"href":"https:\/\/www.chateau-cantenac.fr\/en\/wp-json\/wp\/v2\/types\/post"}],"author":[{"embeddable":true,"href":"https:\/\/www.chateau-cantenac.fr\/en\/wp-json\/wp\/v2\/users\/2"}],"replies":[{"embeddable":true,"href":"https:\/\/www.chateau-cantenac.fr\/en\/wp-json\/wp\/v2\/comments?post=4366"}],"version-history":[{"count":0,"href":"https:\/\/www.chateau-cantenac.fr\/en\/wp-json\/wp\/v2\/posts\/4366\/revisions"}],"wp:attachment":[{"href":"https:\/\/www.chateau-cantenac.fr\/en\/wp-json\/wp\/v2\/media?parent=4366"}],"wp:term":[{"taxonomy":"category","embeddable":true,"href":"https:\/\/www.chateau-cantenac.fr\/en\/wp-json\/wp\/v2\/categories?post=4366"},{"taxonomy":"post_tag","embeddable":true,"href":"https:\/\/www.chateau-cantenac.fr\/en\/wp-json\/wp\/v2\/tags?post=4366"}],"curies":[{"name":"wp","href":"https:\/\/api.w.org\/{rel}","templated":true}]}}