{"id":4437,"date":"2012-04-16T18:12:16","date_gmt":"2012-04-16T18:12:16","guid":{"rendered":"https:\/\/www.chateau-cantenac.fr\/2012\/04\/16\/portes-ouvertes-28-avril-au-1er-mai\/"},"modified":"2012-04-16T18:12:16","modified_gmt":"2012-04-16T18:12:16","slug":"portes-ouvertes-28-avril-au-1er-mai","status":"publish","type":"post","link":"https:\/\/www.chateau-cantenac.fr\/en\/2012\/04\/16\/portes-ouvertes-28-avril-au-1er-mai\/","title":{"rendered":"Portes Ouvertes : 28 Avril au 1er Mai"},"content":{"rendered":"<p><strong>JOURN\u00c9ES PORTES OUVERTES : 28 Avril au 1er Mai 2012<\/strong><\/p>\n<p>&nbsp;<\/p>\n<p>Ch\u00e2teau Cantenac vous accueillera avec plaisir lors de ces belles journ\u00e9es de d\u00e9couverte !<\/p>\n<ul>\n<li><strong>Atelier d\u00e9gustation<\/strong> : elles se veulent ludiques et \u00e9ducatives, et \u00e0 vocation de vous faire d\u00e9couvrir les diff\u00e9rentes saveurs de nos crus.<\/li>\n<\/ul>\n<ul>\n<li><strong>Exposition de<\/strong> : <strong>&#8220;Sculptures&#8221;<\/strong> de Sophie Zina&#8217;o, <strong>et de &#8220;<\/strong><strong>Pastels&#8221;<\/strong> de Jocelyne Sellier<\/li>\n<\/ul>\n<p>A tr\u00e8s bient\u00f4t !<\/p>\n<p>&nbsp;<\/p>\n","protected":false},"excerpt":{"rendered":"<p>JOURN\u00c9ES PORTES OUVERTES : 28 Avril au 1er Mai 2012 &nbsp; Ch\u00e2teau Cantenac vous accueillera avec plaisir lors de ces belles journ\u00e9es de d\u00e9couverte ! [&hellip;]<\/p>\n","protected":false},"author":2,"featured_media":0,"comment_status":"closed","ping_status":"open","sticky":false,"template":"","format":"standard","meta":[],"categories":[26,17],"tags":[],"aioseo_notices":[],"_links":{"self":[{"href":"https:\/\/www.chateau-cantenac.fr\/en\/wp-json\/wp\/v2\/posts\/4437"}],"collection":[{"href":"https:\/\/www.chateau-cantenac.fr\/en\/wp-json\/wp\/v2\/posts"}],"about":[{"href":"https:\/\/www.chateau-cantenac.fr\/en\/wp-json\/wp\/v2\/types\/post"}],"author":[{"embeddable":true,"href":"https:\/\/www.chateau-cantenac.fr\/en\/wp-json\/wp\/v2\/users\/2"}],"replies":[{"embeddable":true,"href":"https:\/\/www.chateau-cantenac.fr\/en\/wp-json\/wp\/v2\/comments?post=4437"}],"version-history":[{"count":0,"href":"https:\/\/www.chateau-cantenac.fr\/en\/wp-json\/wp\/v2\/posts\/4437\/revisions"}],"wp:attachment":[{"href":"https:\/\/www.chateau-cantenac.fr\/en\/wp-json\/wp\/v2\/media?parent=4437"}],"wp:term":[{"taxonomy":"category","embeddable":true,"href":"https:\/\/www.chateau-cantenac.fr\/en\/wp-json\/wp\/v2\/categories?post=4437"},{"taxonomy":"post_tag","embeddable":true,"href":"https:\/\/www.chateau-cantenac.fr\/en\/wp-json\/wp\/v2\/tags?post=4437"}],"curies":[{"name":"wp","href":"https:\/\/api.w.org\/{rel}","templated":true}]}}