{"id":5233,"date":"2022-10-28T16:37:11","date_gmt":"2022-10-28T14:37:11","guid":{"rendered":"https:\/\/www.chateau-cantenac.fr\/?p=5233"},"modified":"2022-10-28T16:37:11","modified_gmt":"2022-10-28T14:37:11","slug":"grands-formats-et-grands-vins-chateau-cantenac-2019","status":"publish","type":"post","link":"https:\/\/www.chateau-cantenac.fr\/en\/2022\/10\/28\/grands-formats-et-grands-vins-chateau-cantenac-2019\/","title":{"rendered":"Grands Formats et Grands Vins : Ch\u00e2teau Cantenac 2019"},"content":{"rendered":"<p><strong>Grands Formats et Grands Vins\u00a0<\/strong><\/p>\n<p><strong>Un grand cru \u00e0 prix d\u2019Ami, le ch\u00e2teau Cantenac 2019<br \/>\n<\/strong>Le vignoble du Ch\u00e2teau Cantenac vogue vers ses 2 si\u00e8cles. Si vous passez voir leur site, vous y d\u00e9couvrirez que la premi\u00e8re date de leur \u00e9chelle du temps est 1832, et qu\u2019il y avait de la vigne sur place avant. H\u00e9riti\u00e8re d\u2019une tradition viticole de plus d\u2019un si\u00e8cle, la famille perp\u00e9tue son savoir-faire dans l\u2019\u00e9laboration de Grands Crus de Saint-Emilion. Ainsi, vous y trouverez la meilleure qualit\u00e9 et l\u2019authenticit\u00e9 de leurs vins.<\/p>\n<p><img decoding=\"async\" class=\"lazyload wp-image-110216 alignleft\" src=\"https:\/\/www.citeboomers.com\/wp-content\/uploads\/2022\/11\/FullSizeRender-19-e1666093467807-300x300.jpg\" data-orig-src=\"https:\/\/www.citeboomers.com\/wp-content\/uploads\/2022\/11\/FullSizeRender-19-e1666093467807-300x300.jpg\" data-sizes=\"auto\" data-orig-sizes=\"(max-width: 249px) 100vw, 249px\" srcset=\"data:image\/svg+xml,%3Csvg%20xmlns%3D%27http%3A%2F%2Fwww.w3.org%2F2000%2Fsvg%27%20width%3D%27129%27%20height%3D%27129%27%20viewBox%3D%270%200%20129%20129%27%3E%3Crect%20width%3D%27129%27%20height%3D%27129%27%20fill-opacity%3D%220%22%2F%3E%3C%2Fsvg%3E\" data-srcset=\"https:\/\/www.citeboomers.com\/wp-content\/uploads\/2022\/11\/FullSizeRender-19-e1666093467807-300x300.jpg 300w, https:\/\/www.citeboomers.com\/wp-content\/uploads\/2022\/11\/FullSizeRender-19-e1666093467807-150x150.jpg 150w, https:\/\/www.citeboomers.com\/wp-content\/uploads\/2022\/11\/FullSizeRender-19-e1666093467807-100x100.jpg 100w, https:\/\/www.citeboomers.com\/wp-content\/uploads\/2022\/11\/FullSizeRender-19-e1666093467807.jpg 373w\" alt=\"\" width=\"129\" height=\"129\" \/><\/p>\n<p>En 2019 nous \u00e9tions pr\u00e9sents lors des vendanges, nous le savions que le mill\u00e9sime serait int\u00e9ressant. Tout y \u00e9tait, qualit\u00e9, quantit\u00e9, et le reste.\u00a0 Assemblage typique de 75% de merlot le reste en cabernets. Une finition en barriques de 12 mois et 18 mois de repos avant la commercialisation. Un vin de grande soir\u00e9e avec un bouquet intense, \u00e9tag\u00e9 qui lib\u00e8re lentement par vagues et sur plusieurs nez des notes fines de fruits m\u00fbrs, de promenades sans les bois en automne, comme sur la photo, un d\u00e9licat grill\u00e9 a dit une dame. La bouche \u00e9toff\u00e9e savoureuse, nous l\u2019avions caraf\u00e9 est riche sur des reprises des parfums et une peu boites d\u2019\u00e9pices douces en finale. Tr\u00e8s r\u00e9ussi a dit un de nos chefs . D\u00e9gust\u00e9 au resto sur la terrasse chauff\u00e9e du Comme chez soi de Sherbrooke en comit\u00e9 mixte avec le b\u0153uf risotto et pleurotes, du menu Sherbrooke \u00e0 table, c\u2019\u00e9tait parfait, un beau moment de partage. Il faut vite en acheter pour la fin de l\u2019ann\u00e9e , son prix de 35,75$\u00a0 est un prix d\u2019ami pour un tel vin. Il est dans 87 magasins. Il serait int\u00e9ressant de le voir au cellier 6-7 ans et de le red\u00e9guster selon nous.\u00a0 <a href=\"https:\/\/www.saq.com\/fr\/912352\">https:\/\/www.saq.com\/fr\/912352<\/a><\/p>\n<p>Article complet :\u00a0<a href=\"https:\/\/www.citeboomers.com\/le-temps-du-vin-en-grands-formats-arrive\/\">https:\/\/www.citeboomers.com\/le-temps-du-vin-en-grands-formats-arrive\/<\/a><\/p>\n","protected":false},"excerpt":{"rendered":"<p>Grands Formats et Grands Vins\u00a0 Un grand cru \u00e0 prix d\u2019Ami, le ch\u00e2teau Cantenac 2019 Le vignoble du Ch\u00e2teau Cantenac vogue vers ses 2 si\u00e8cles. [&hellip;]<\/p>\n","protected":false},"author":2,"featured_media":0,"comment_status":"closed","ping_status":"open","sticky":false,"template":"","format":"standard","meta":[],"categories":[17],"tags":[],"aioseo_notices":[],"_links":{"self":[{"href":"https:\/\/www.chateau-cantenac.fr\/en\/wp-json\/wp\/v2\/posts\/5233"}],"collection":[{"href":"https:\/\/www.chateau-cantenac.fr\/en\/wp-json\/wp\/v2\/posts"}],"about":[{"href":"https:\/\/www.chateau-cantenac.fr\/en\/wp-json\/wp\/v2\/types\/post"}],"author":[{"embeddable":true,"href":"https:\/\/www.chateau-cantenac.fr\/en\/wp-json\/wp\/v2\/users\/2"}],"replies":[{"embeddable":true,"href":"https:\/\/www.chateau-cantenac.fr\/en\/wp-json\/wp\/v2\/comments?post=5233"}],"version-history":[{"count":0,"href":"https:\/\/www.chateau-cantenac.fr\/en\/wp-json\/wp\/v2\/posts\/5233\/revisions"}],"wp:attachment":[{"href":"https:\/\/www.chateau-cantenac.fr\/en\/wp-json\/wp\/v2\/media?parent=5233"}],"wp:term":[{"taxonomy":"category","embeddable":true,"href":"https:\/\/www.chateau-cantenac.fr\/en\/wp-json\/wp\/v2\/categories?post=5233"},{"taxonomy":"post_tag","embeddable":true,"href":"https:\/\/www.chateau-cantenac.fr\/en\/wp-json\/wp\/v2\/tags?post=5233"}],"curies":[{"name":"wp","href":"https:\/\/api.w.org\/{rel}","templated":true}]}}